{"id":26528,"date":"2025-12-19T10:55:38","date_gmt":"2025-12-19T09:55:38","guid":{"rendered":"https:\/\/dev8.id-interactive.fr\/new_unither\/unither-pharmaceuticals-sengage-a-lutter-activement-contre-lepidemie-covid-19\/"},"modified":"2026-02-03T15:52:29","modified_gmt":"2026-02-03T14:52:29","slug":"unither-pharmaceuticals-sengage-a-lutter-activement-contre-lepidemie-covid-19","status":"publish","type":"post","link":"https:\/\/dev8.id-interactive.fr\/new_unither\/fr\/unither-pharmaceuticals-sengage-a-lutter-activement-contre-lepidemie-covid-19\/","title":{"rendered":"Unither Pharmaceuticals s\u2019engage \u00e0 lutter activement contre l\u2019\u00e9pid\u00e9mie COVID-19"},"content":{"rendered":"\r\n<div class=\"wp-block-image\">\r\n<figure class=\"alignleft size-full is-resized\"><img loading=\"lazy\" decoding=\"async\" class=\"wp-image-1612\" src=\"https:\/\/www.unither-pharma.fr\/wp-content\/uploads\/2020\/08\/iStock-1214257540-scaled.jpg\" alt=\"\" width=\"518\" height=\"222\" \/><\/figure>\r\n<\/div>\r\n\r\n\r\n\r\n<h2>Le maintien de notre activit\u00e9 est reconnu comme essentiel par le gouvernement.<\/h2>\r\n<p>En effet, en tant que fabricant de produits de sant\u00e9, Unither Pharmaceuticals doit continuer \u00e0 garantir la d\u00e9livrance des produits aux patients qui en ont besoin. Nous devons mener \u00e0 bien cette mission et prendre toutes les mesures n\u00e9cessaires pour minimiser le risque de contamination par le COVID-19. C\u2019est pourquoi nous avons mis en place un ensemble de mesures pr\u00e9ventives, notamment\u00a0:<\/p>\r\n\r\n\r\n\r\n<p>L\u2019application et le rappel fr\u00e9quent de l\u2019ensemble des gestes barri\u00e8res (port du masque chirurgical, respect d\u2019une distance de 1 m\u00e8tre entre individus, lavage r\u00e9gulier des mains, etc.),<\/p>\r\n\r\n\r\n\r\n<p>Le renforcement des mesures d\u2019hygi\u00e8ne (d\u00e9sinfection plus r\u00e9guli\u00e8re des zones de production, des postes de travail et points de contact, etc.),<\/p>\r\n\r\n\r\n\r\n<p>La mise \u00e0 disposition de gel hydroalcoolique pour le personnel,<\/p>\r\n\r\n\r\n\r\n<p>Restriction de l\u2019acc\u00e8s au site au personnel des entreprises ext\u00e9rieures sauf accord de la Direction,<\/p>\r\n\r\n\r\n\r\n<p>L\u2019accueil des transporteurs dans une zone de d\u00e9p\u00f4t des marchandises respectant des r\u00e8gles d&rsquo;hygi\u00e8ne strictes,<\/p>\r\n\r\n\r\n\r\n<p>La mise en place du t\u00e9l\u00e9travail quand cela est possible,<\/p>\r\n\r\n\r\n\r\n<p>L\u2019am\u00e9nagement des horaires afin de maintenir la distanciation sociale dans les parties communes (caf\u00e9taria, salle de pause, etc.)\u00a0<\/p>\r\n\r\n\r\n\r\n<p>La direction se r\u00e9unit quotidiennement et adopte des proc\u00e9dures sp\u00e9cifiques afin d\u2019assurer le bon maintien de l\u2019activit\u00e9 du Groupe. Aucun risque significatif qui pourrait impacter la d\u00e9livrance de nos produits pharmaceutiques n\u2019a \u00e9t\u00e9 identifi\u00e9 \u00e0 ce jour. Si la situation venait \u00e0 changer, nous nous engageons \u00e0 vous tenir inform\u00e9s.\u00a0<\/p>\r\n\r\n\r\n\r\n<p>Merci \u00e0 toutes nos \u00e9quipes et nos partenaires qui nous soutiennent et nous permettent de faciliter la vie des patients. Nous ferons tout ce qui est en notre pouvoir pour prot\u00e9ger nos employ\u00e9s, tout en maintenant notre activit\u00e9 pour continuer \u00e0 servir nos clients.<\/p>\r\n\r\n\r\n<hr class=\"wp-block-separator\" \/>\r\n\r\n\r\n<p>En ces temps, il est important de s\u2019informer aupr\u00e8s de sources fiables et \u00e9viter les fakes news. Ci-dessous, vous retrouverez quelques sources officielles d\u2019information :<\/p>\r\n\r\n\r\n\r\n<h3><strong>Points de situation<\/strong><\/h3>\r\n\r\n\r\n\r\n<p>La source principale et officielle est celle du gouvernement fran\u00e7ais\u00a0:\u00a0<a href=\"https:\/\/www.gouvernement.fr\/info-coronavirus\">https:\/\/www.gouvernement.fr\/info-coronavirus<\/a><\/p>\r\n\r\n\r\n\r\n<p>Sant\u00e9 Publique\u00a0:\u00a0<a href=\"https:\/\/www.santepubliquefrance.fr\/dossiers\/coronavirus-covid-19\">Chiffres cl\u00e9s, interviews d&rsquo;experts, questions-r\u00e9ponses..<\/a><\/p>\r\n\r\n\r\n\r\n<p>Institut Pasteur\u00a0:\u00a0<a href=\"https:\/\/www.pasteur.fr\/fr\/centre-medical\/fiches-maladies\/maladie-covid-19-nouveau-coronavirus\">Toute l\u2019actualit\u00e9 de l\u2019institut Pasteur sur l\u2019actualit\u00e9 covid-19<\/a><\/p>\r\n\r\n\r\n\r\n<h3><strong>Outils de communication officiels<\/strong><\/h3>\r\n\r\n\r\n\r\n<p><a href=\"https:\/\/www.santepubliquefrance.fr\/dossiers\/coronavirus-covid-19\/coronavirus-outils-de-prevention-destines-aux-professionnels-de-sante-et-au-grand-public#block-234275\">\u2192 t\u00e9l\u00e9chargeables dans plusieurs langues et formats<\/a><\/p>\r\n\r\n\r\n\r\n<p><a href=\"https:\/\/www.santepubliquefrance.fr\/maladies-et-traumatismes\/maladies-et-infections-respiratoires\/infection-a-coronavirus\/documents\/affiche\/alerte-coronavirus-pour-se-proteger-et-proteger-les-autres-affiche-40x60cm\">Alerte coronavirus : pour se prot\u00e9ger et prot\u00e9ger les autres<\/a>\u00a0(FR, 40x60cm)<\/p>\r\n\r\n\r\n\r\n<p><a href=\"https:\/\/www.santepubliquefrance.fr\/maladies-et-traumatismes\/maladies-et-infections-respiratoires\/infection-a-coronavirus\/documents\/affiche\/alerte-coronavirus-pour-vous-proteger-et-proteger-les-autres-restez-chez-vous-affiche-40x60cm\">Alerte coronavirus : pour vous prot\u00e9ger et prot\u00e9ger les autres, restez chez vous<\/a>\u00a0(FR, 40x60cm)<\/p>\r\n\r\n\r\n\r\n<p><a href=\"https:\/\/www.santepubliquefrance.fr\/maladies-et-traumatismes\/maladies-et-infections-respiratoires\/infection-a-coronavirus\/documents\/affiche\/alerte-coronavirus-que-faire-face-aux-premiers-signes-affiche-40x60-francais\">Alerte coronavirus : que faire face aux premiers signes ?<\/a>\u00a0(FR, 40x60cm)<\/p>\r\n\r\n\r\n\r\n<p><a href=\"https:\/\/www.santepubliquefrance.fr\/maladies-et-traumatismes\/maladies-et-infections-respiratoires\/infection-a-coronavirus\/documents\/affiche\/alerte-coronavirus-que-faire-si-la-maladie-s-aggrave-affiche-40x60-francais\">Alerte coronavirus : que faire si la maladie s&rsquo;aggrave ?<\/a>\u00a0(FR, 40x60cm)<\/p>\r\n\r\n\r\n\r\n<p><a href=\"https:\/\/www.santepubliquefrance.fr\/maladies-et-traumatismes\/maladies-et-infections-respiratoires\/infection-a-coronavirus\/documents\/affiche\/alerte-coronavirus-les-tests-de-depistage-ne-sont-pas-automatiques-affiche-a4-francais\">Alerte coronavirus : les tests de d\u00e9pistage ne sont pas automatiques<\/a>\u00a0(FR, A4)<\/p>\r\n\r\n\r\n\r\n<p><a href=\"https:\/\/www.santepubliquefrance.fr\/maladies-et-traumatismes\/maladies-et-infections-respiratoires\/infection-a-coronavirus\/documents\/affiche\/alerte-coronavirus-comment-se-laver-les-mains-affiche-a4-francais\">Alerte coronavirus : comment se laver les mains ?<\/a>\u00a0(FR, A4)<\/p>\r\n\r\n\r\n\r\n<p>Information accessible aux publics vuln\u00e9rables<\/p>\r\n\r\n\r\n\r\n<p>Coronavirus : que faire si on est malade ?\u00a0(FR, A4)<\/p>\r\n\r\n\r\n\r\n<p>Coronavirus : est-ce que je suis malade ?\u00a0(FR, A4)<\/p>\r\n\r\n\r\n\r\n<p><a href=\"https:\/\/www.santepubliquefrance.fr\/maladies-et-traumatismes\/maladies-et-infections-respiratoires\/infection-a-coronavirus\/documents\/depliant-flyer\/coronavirus-comment-se-proteger-flyer-a4-francais\">Coronavirus : comment se prot\u00e9ger ?<\/a>\u00a0(FR, A4)<\/p>\r\n\r\n\r\n\r\n<p><a href=\"https:\/\/www.santepubliquefrance.fr\/maladies-et-traumatismes\/maladies-et-infections-respiratoires\/infection-a-coronavirus\/documents\/depliant-flyer\/coronavirus-c-est-quoi-et-comment-ca-s-attrape-flyer-a4-francais\">Coronavirus : c&rsquo;est quoi et comment \u00e7a s&rsquo;attrape ?<\/a>\u00a0(FR, A4)<\/p>\r\n\r\n\r\n\r\n<h3><strong>Les questions\/r\u00e9ponses<\/strong><\/h3>\r\n\r\n\r\n\r\n<p>Le site du gouvernement \u2013\u00a0<a href=\"https:\/\/www.gouvernement.fr\/info-coronavirus?fbclid=IwAR2tS1Lozgv_3rJZQ9j5fMV_xfhgSNnOetrK0yWCZmwGURuYuL_BGNvEVNg\">Questions \/ R\u00e9ponses \u00e0 travers des th\u00e9matiques<\/a><\/p>\r\n\r\n\r\n\r\n<p>L\u2019OMS &#8211;\u00a0Maladie \u00e0 coronavirus 2019 (COVID-19) : questions-r\u00e9ponses<\/p>\r\n\r\n\r\n\r\n<p>Minist\u00e8re du Travail\u00a0<a href=\"https:\/\/travail-emploi.gouv.fr\/le-ministere-en-action\/coronavirus-covid-19\/questions-reponses-par-theme\/\">&#8211;<\/a>\u00a0<a href=\"https:\/\/travail-emploi.gouv.fr\/le-ministere-en-action\/coronavirus-covid-19\/questions-reponses-par-theme\/\">Questions\/r\u00e9ponses<\/a><\/p>\r\n\r\n\r\n\r\n<p>Le gouvernement met \u00e9galement \u00e0 disposition un num\u00e9ro vert gratuit pour poser vos questions : le 0 800 130 000 (ouvert 24 h sur 24 et 7 jours sur 7).<\/p>\r\n\r\n\r\n\r\n<h3><strong>Les fausses informations<\/strong><\/h3>\r\n\r\n\r\n\r\n<p>L\u2019OMS &#8211;\u00a0<a href=\"https:\/\/www.who.int\/fr\/emergencies\/diseases\/novel-coronavirus-2019\/advice-for-public\/myth-busters\">Conseils\u00a0<\/a><a href=\"https:\/\/www.who.int\/fr\/emergencies\/diseases\/novel-coronavirus-2019\/advice-for-public\/myth-busters\">au\u00a0<\/a><a href=\"https:\/\/www.who.int\/fr\/emergencies\/diseases\/novel-coronavirus-2019\/advice-for-public\/myth-busters\">grand public\u00a0<\/a><a href=\"https:\/\/www.who.int\/fr\/emergencies\/diseases\/novel-coronavirus-2019\/advice-for-public\/myth-busters\">&#8211;\u00a0<\/a><a href=\"https:\/\/www.who.int\/fr\/emergencies\/diseases\/novel-coronavirus-2019\/advice-for-public\/myth-busters\">En\u00a0<\/a><a href=\"https:\/\/www.who.int\/fr\/emergencies\/diseases\/novel-coronavirus-2019\/advice-for-public\/myth-busters\">finir\u00a0<\/a><a href=\"https:\/\/www.who.int\/fr\/emergencies\/diseases\/novel-coronavirus-2019\/advice-for-public\/myth-busters\">avec\u00a0<\/a><a href=\"https:\/\/www.who.int\/fr\/emergencies\/diseases\/novel-coronavirus-2019\/advice-for-public\/myth-busters\">les id\u00e9es\u00a0<\/a><a href=\"https:\/\/www.who.int\/fr\/emergencies\/diseases\/novel-coronavirus-2019\/advice-for-public\/myth-busters\">re\u00e7ues<\/a><\/p>\r\n\r\n\r\n\r\n<p>L\u2019AFP\u00a0&#8211;\u00a0<a href=\"https:\/\/factuel.afp.com\/le-coronavirus-les-verifications-faites-par-lafp\">Les v\u00e9rifications faites par l&rsquo;AFP<\/a><\/p>\r\n\r\n\r\n\r\n<p>Lib\u00e9ration &#8211; \u00a0<a href=\"https:\/\/www.liberation.fr\/checknews\/\">Check News<\/a>: moteur de recherche g\u00e9r\u00e9 par des journalistes<\/p>\r\n\r\n\r\n\r\n<p>Le Monde\u00a0&#8211;\u00a0<a href=\"https:\/\/www.lemonde.fr\/verification\/\">D\u00e9codex<\/a>: outil visant \u00e0 v\u00e9rifier les informations qui circulent\u00a0sur Internet<\/p>\r\n\r\n\r\n\r\n<h3><strong>Les cartes officielles du nombre de cas<\/strong><\/h3>\r\n\r\n\r\n\r\n<p>Le gouvernement\u00a0&#8211;\u00a0<a href=\"https:\/\/www.gouvernement.fr\/info-coronavirus\/carte-et-donnees\">COVID-19 en France<\/a><\/p>\r\n\r\n\r\n\r\n<p>Sant\u00e9 publique France\u00a0&#8211;\u00a0<a href=\"https:\/\/mapthenews.maps.arcgis.com\/apps\/opsdashboard\/index.html#\/5e09dff7cb434fb194e22261689e2887\">COVID-19 en France<\/a><\/p>\r\n\r\n\r\n\r\n<p>OMS, CDC, ECDC, NHC, DXY, et un ensemble d\u2019autres sources gouvernementales &#8211;\u00a0<a href=\"https:\/\/gisanddata.maps.arcgis.com\/apps\/opsdashboard\/index.html#\/bda7594740fd40299423467b48e9ecf6\">COVID-19 dans le monde<\/a><\/p>\r\n","protected":false},"excerpt":{"rendered":"<p>Le maintien de notre activit\u00e9 est reconnu comme essentiel par le gouvernement. En effet, en tant que fabricant de produits de sant\u00e9, Unither Pharmaceuticals doit continuer \u00e0 garantir la d\u00e9livrance des produits aux patients qui en ont besoin. Nous devons mener \u00e0 bien cette mission et prendre toutes les mesures n\u00e9cessaires pour minimiser le risque [&hellip;]<\/p>\n","protected":false},"author":1,"featured_media":1616,"comment_status":"closed","ping_status":"closed","sticky":false,"template":"","format":"standard","meta":{"_acf_changed":false,"footnotes":""},"categories":[],"tags":[],"class_list":["post-26528","post","type-post","status-publish","format-standard","has-post-thumbnail","hentry"],"acf":[],"_links":{"self":[{"href":"https:\/\/dev8.id-interactive.fr\/new_unither\/fr\/wp-json\/wp\/v2\/posts\/26528","targetHints":{"allow":["GET"]}}],"collection":[{"href":"https:\/\/dev8.id-interactive.fr\/new_unither\/fr\/wp-json\/wp\/v2\/posts"}],"about":[{"href":"https:\/\/dev8.id-interactive.fr\/new_unither\/fr\/wp-json\/wp\/v2\/types\/post"}],"author":[{"embeddable":true,"href":"https:\/\/dev8.id-interactive.fr\/new_unither\/fr\/wp-json\/wp\/v2\/users\/1"}],"replies":[{"embeddable":true,"href":"https:\/\/dev8.id-interactive.fr\/new_unither\/fr\/wp-json\/wp\/v2\/comments?post=26528"}],"version-history":[{"count":1,"href":"https:\/\/dev8.id-interactive.fr\/new_unither\/fr\/wp-json\/wp\/v2\/posts\/26528\/revisions"}],"predecessor-version":[{"id":26529,"href":"https:\/\/dev8.id-interactive.fr\/new_unither\/fr\/wp-json\/wp\/v2\/posts\/26528\/revisions\/26529"}],"wp:featuredmedia":[{"embeddable":true,"href":"https:\/\/dev8.id-interactive.fr\/new_unither\/fr\/wp-json\/wp\/v2\/media\/1616"}],"wp:attachment":[{"href":"https:\/\/dev8.id-interactive.fr\/new_unither\/fr\/wp-json\/wp\/v2\/media?parent=26528"}],"wp:term":[{"taxonomy":"category","embeddable":true,"href":"https:\/\/dev8.id-interactive.fr\/new_unither\/fr\/wp-json\/wp\/v2\/categories?post=26528"},{"taxonomy":"post_tag","embeddable":true,"href":"https:\/\/dev8.id-interactive.fr\/new_unither\/fr\/wp-json\/wp\/v2\/tags?post=26528"}],"curies":[{"name":"wp","href":"https:\/\/api.w.org\/{rel}","templated":true}]}}