{"id":26590,"date":"2025-12-19T10:55:37","date_gmt":"2025-12-19T09:55:37","guid":{"rendered":"https:\/\/dev8.id-interactive.fr\/new_unither\/demarche-tri-selectif-developpement-durable-sur-le-site-de-coutances\/"},"modified":"2026-02-03T15:52:31","modified_gmt":"2026-02-03T14:52:31","slug":"demarche-tri-selectif-developpement-durable-sur-le-site-de-coutances","status":"publish","type":"post","link":"https:\/\/dev8.id-interactive.fr\/new_unither\/fr\/demarche-tri-selectif-developpement-durable-sur-le-site-de-coutances\/","title":{"rendered":"D\u00e9marche tri-s\u00e9lectif &#038; d\u00e9veloppement durable sur le site de Coutances"},"content":{"rendered":"\r\n<p>Notre site industriel de Coutances, situ\u00e9 dans La Manche, a mis en place en d\u00e9but d&rsquo;ann\u00e9e 2021 <strong><span class=\"has-inline-color\" style=\"color: #d8da1b;\">une d\u00e9marche de tri-s\u00e9lectif et de d\u00e9veloppement durable.<\/span><\/strong><\/p>\r\n\r\n\r\n\r\n<p>Cette d\u00e9marche se calque \u00e0 la fois sur l&rsquo;actualit\u00e9 internationale avec la COP 26 qui a r\u00e9cemment eu lieu \u00e0 Glasgow mais \u00e9galement sur l&rsquo;actualit\u00e9 du Groupe Unither puisque le Projet UniCare a \u00e9t\u00e9 initi\u00e9 cette ann\u00e9e par la Direction du Groupe. Le but du projet UniCare \u00e9tant de d\u00e9finir nos priorit\u00e9s en mati\u00e8re de RSE (Responsabilit\u00e9 Sociale des Entreprises).<\/p>\r\n\r\n\r\n\r\n<p>Les premi\u00e8res actions men\u00e9es sur le site de Coutances concernant la d\u00e9marche tri-s\u00e9lectif &amp; d\u00e9veloppement durable sont :<\/p>\r\n\r\n\r\n\r\n<ol class=\"wp-block-list\" type=\"1\">\r\n<li><strong><span class=\"has-inline-color\" style=\"color: #f39600;\">Suppression des gobelets plastique sur le site :<\/span><\/strong>\r\n<ul>\r\n<li>Fin de la mise \u00e0 disposition des gobelets plastique sur l\u2019ensemble du site (Fontaines \u00e0 eaux, caf\u00e9t\u00e9ria, bureaux, salles de r\u00e9union et ateliers),<\/li>\r\n<li>Mise \u00e0 disposition de gobelets papier (forme c\u00f4ne) au niveau des distributeurs d\u2019eau uniquement en atelier.<\/li>\r\n<\/ul>\r\n<\/li>\r\n<\/ol>\r\n\r\n\r\n\r\n<ol class=\"wp-block-list\" start=\"2\" type=\"1\">\r\n<li><strong><span class=\"has-inline-color\" style=\"color: #f39600;\">Favoriser l\u2019utilisation de bouteille et tasse individuelle :<\/span><\/strong>\r\n<ul>\r\n<li>Distribution d&rsquo;une bouteille isotherme 2 en 1 avec tasse int\u00e9gr\u00e9e aux collaborateurs du site,<\/li>\r\n<li>Sensibilisation des int\u00e9rimaires autour de cette d\u00e9marche par les Entreprises de Travail Temporaire afin qu\u2019ils viennent sur le site avec leur tasse individuelle et gourde pour les pauses et repas,<\/li>\r\n<li>Incitation \u00e0 l&rsquo;utilisation de la tasse individuelle dans les distributeurs de boissons chaude via l&rsquo;instauration d&rsquo;un co\u00fbt suppl\u00e9mentaire de 5 centimes si le collaborateur utilise un gobelet en carton jetable.<\/li>\r\n<li>Suppression de la mise \u00e0 disposition des bouteilles d\u2019eau plastique dans les salles de r\u00e9union, afin d\u2019inciter l\u2019utilisation des bouteilles isothermes,<\/li>\r\n<li>Mise \u00e0 disposition de carafes et verres Unither pour les r\u00e9ceptions Clients.<\/li>\r\n<\/ul>\r\n<\/li>\r\n<\/ol>\r\n\r\n\r\n\r\n<ol class=\"wp-block-list\" start=\"3\" type=\"1\">\r\n<li><strong><span class=\"has-inline-color\" style=\"color: #f39600;\">Mise en place du tri-s\u00e9lectif :<\/span><\/strong>\r\n<ul>\r\n<li>Mise en place de poubelles de tri-s\u00e9lectif dans la caf\u00e9t\u00e9ria,<\/li>\r\n<li>Suppression des poubelles individuelles dans les bureaux de l\u2019atelier et de la zone administrative, et mise en place de poubelles de tri-s\u00e9lectif dans des zones communes d\u2019apport volontaire des d\u00e9chets afin d\u2019inciter le personnel \u00e0 r\u00e9aliser le tri-s\u00e9lectif de leurs d\u00e9chets,<\/li>\r\n<li>Mise \u00e0 disposition de \u00ab poubelles de table \u00bb dans les bureaux de la zone administrative (pour les d\u00e9chets non recyclables) et des bannettes pour le papier \u00ab brouillon \u00bb.<\/li>\r\n<\/ul>\r\n<\/li>\r\n<\/ol>\r\n\r\n\r\n\r\n<ol class=\"wp-block-list\" start=\"4\" type=\"1\">\r\n<li><span class=\"has-inline-color\" style=\"color: #f39600;\"><strong>Gestion du tri-s\u00e9lectif :<\/strong><\/span>\r\n<ul>\r\n<li>Collaboration avec le prestataire Elise \u2013N\u00b01 de la collecte et recyclage du papier de bureau en France. Double vocation : Participer activement \u00e0 la protection de l\u2019environnement tout en cr\u00e9ant des emplois locaux et durables pour des personnes en difficult\u00e9 d\u2019insertion ou en situation de handicap.<\/li>\r\n<\/ul>\r\n<\/li>\r\n<\/ol>\r\n\r\n\r\n\r\n<p>Cette d\u00e9marche a \u00e9t\u00e9 mise en place \u00e0 l&rsquo;aide d&rsquo;un groupe de travail compos\u00e9 \u00e0 la fois de collaborateurs et de managers. F\u00e9licitations au site de Coutances pour cette belle d\u00e9marche RSE !<\/p>\r\n\r\n\r\n\r\n<p>&nbsp;<\/p>\r\n\r\n\r\n\r\n<figure class=\"wp-block-gallery columns-0 is-cropped wp-block-gallery-1 is-layout-flex wp-block-gallery-is-layout-flex\"><\/figure>\r\n","protected":false},"excerpt":{"rendered":"<p>Notre site industriel de Coutances, situ\u00e9 dans La Manche, a mis en place en d\u00e9but d&rsquo;ann\u00e9e 2021 une d\u00e9marche de tri-s\u00e9lectif et de d\u00e9veloppement durable. Cette d\u00e9marche se calque \u00e0 la fois sur l&rsquo;actualit\u00e9 internationale avec la COP 26 qui a r\u00e9cemment eu lieu \u00e0 Glasgow mais \u00e9galement sur l&rsquo;actualit\u00e9 du Groupe Unither puisque le [&hellip;]<\/p>\n","protected":false},"author":1,"featured_media":5919,"comment_status":"closed","ping_status":"closed","sticky":false,"template":"","format":"standard","meta":{"_acf_changed":false,"footnotes":""},"categories":[21],"tags":[],"class_list":["post-26590","post","type-post","status-publish","format-standard","has-post-thumbnail","hentry","category-informations"],"acf":[],"_links":{"self":[{"href":"https:\/\/dev8.id-interactive.fr\/new_unither\/fr\/wp-json\/wp\/v2\/posts\/26590","targetHints":{"allow":["GET"]}}],"collection":[{"href":"https:\/\/dev8.id-interactive.fr\/new_unither\/fr\/wp-json\/wp\/v2\/posts"}],"about":[{"href":"https:\/\/dev8.id-interactive.fr\/new_unither\/fr\/wp-json\/wp\/v2\/types\/post"}],"author":[{"embeddable":true,"href":"https:\/\/dev8.id-interactive.fr\/new_unither\/fr\/wp-json\/wp\/v2\/users\/1"}],"replies":[{"embeddable":true,"href":"https:\/\/dev8.id-interactive.fr\/new_unither\/fr\/wp-json\/wp\/v2\/comments?post=26590"}],"version-history":[{"count":3,"href":"https:\/\/dev8.id-interactive.fr\/new_unither\/fr\/wp-json\/wp\/v2\/posts\/26590\/revisions"}],"predecessor-version":[{"id":26921,"href":"https:\/\/dev8.id-interactive.fr\/new_unither\/fr\/wp-json\/wp\/v2\/posts\/26590\/revisions\/26921"}],"wp:featuredmedia":[{"embeddable":true,"href":"https:\/\/dev8.id-interactive.fr\/new_unither\/fr\/wp-json\/wp\/v2\/media\/5919"}],"wp:attachment":[{"href":"https:\/\/dev8.id-interactive.fr\/new_unither\/fr\/wp-json\/wp\/v2\/media?parent=26590"}],"wp:term":[{"taxonomy":"category","embeddable":true,"href":"https:\/\/dev8.id-interactive.fr\/new_unither\/fr\/wp-json\/wp\/v2\/categories?post=26590"},{"taxonomy":"post_tag","embeddable":true,"href":"https:\/\/dev8.id-interactive.fr\/new_unither\/fr\/wp-json\/wp\/v2\/tags?post=26590"}],"curies":[{"name":"wp","href":"https:\/\/api.w.org\/{rel}","templated":true}]}}