{"id":26616,"date":"2025-12-19T10:55:36","date_gmt":"2025-12-19T09:55:36","guid":{"rendered":"https:\/\/dev8.id-interactive.fr\/new_unither\/nomination-de-jean-francois-hilaire-nouveau-directeur-general-du-groupe-unither-pharmaceuticals\/"},"modified":"2026-02-03T15:52:34","modified_gmt":"2026-02-03T14:52:34","slug":"nomination-de-jean-francois-hilaire-nouveau-directeur-general-du-groupe-unither-pharmaceuticals","status":"publish","type":"post","link":"https:\/\/dev8.id-interactive.fr\/new_unither\/fr\/nomination-de-jean-francois-hilaire-nouveau-directeur-general-du-groupe-unither-pharmaceuticals\/","title":{"rendered":"Nomination de Jean-Fran\u00e7ois Hilaire : nouveau Directeur G\u00e9n\u00e9ral du groupe Unither Pharmaceuticals"},"content":{"rendered":"\r\n<p><strong>Paris (France), le 14 novembre 2022 &#8211;<\/strong> Le Conseil de Surveillance d\u2019Unither Pharmaceuticals nomme Jean-Fran\u00e7ois Hilaire Directeur G\u00e9n\u00e9ral du Groupe. Eric Goupil gardera une place importante dans les d\u00e9cisions strat\u00e9giques, en tant que Pr\u00e9sident Ex\u00e9cutif. Le Groupe a connu une croissance annuelle moyenne de 14% de son chiffre d\u2019affaires depuis l\u2019an 2000, atteignant un record de production de plus de 3 milliards d\u2019unidoses st\u00e9riles en 2022. Unither Pharmaceuticals emploie d\u00e9sormais plus de 2000 employ\u00e9s, dans ses usines bas\u00e9es en France, aux Etats-Unis, au Br\u00e9sil et en Chine.<\/p>\r\n\r\n\r\n\r\n<p><strong>Eric Goupil, Pr\u00e9sident Ex\u00e9cutif du Groupe a d\u00e9clar\u00e9 : <\/strong>\u00ab<em> Apr\u00e8s avoir \u00e9t\u00e9 Pr\u00e9sident Directeur G\u00e9n\u00e9ral d\u2019Unither Pharmaceuticals pendant 22 ans, il est temps pour moi de prendre du recul et laisser la place de Directeur G\u00e9n\u00e9ral \u00e0 Jean-Fran\u00e7ois Hilaire, un grand professionnel de l\u2019industrie pharmaceutique qui saura poursuivre le d\u00e9veloppement du Groupe et insuffler notre vision de rendre accessible au plus grand nombre des solutions de sant\u00e9 qui am\u00e9liorent la vie des patients.<\/em><\/p>\r\n\r\n\r\n\r\n<p><em>Je tiens \u00e0 remercier chaleureusement nos clients et nos collaborateurs pour le parcours que nous avons effectu\u00e9 ensemble. Je suis s\u00fbr que Jean-Fran\u00e7ois aura \u00e0 c\u0153ur de continuer \u00e0 satisfaire nos clients pour \u00eatre toujours digne de leur confiance et de faire vivre nos valeurs pour que toute l\u2019\u00e9quipe d\u2019Unither soit motiv\u00e9e \u00e0 relever les d\u00e9fis de cette nouvelle \u00e9pop\u00e9e qui s\u2019ouvre devant nous. \u00bb<\/em><\/p>\r\n\r\n\r\n\r\n<p><strong>Biographie de Jean-Fran\u00e7ois Hilaire, nouveau Directeur G\u00e9n\u00e9ral du groupe\u00a0:<\/strong><\/p>\r\n\r\n\r\n\r\n\r\n\r\n<p>Jean-Fran\u00e7ois Hilaire est pharmacien et travaille depuis un peu plus de 30 ans dans l\u2019industrie pharmaceutique. Au cours de ces ann\u00e9es, Jean-Fran\u00e7ois Hilaire a travaill\u00e9 en R&amp;D dans un d\u00e9partement de d\u00e9veloppement pharmaceutique, men\u00e9 des \u00e9quipes de vente, principalement \u00e0 l\u2019international, dirig\u00e9 des usines, en direct ou en r\u00e9seau, et a \u00e9galement pris part dans la strat\u00e9gie industrielle d\u2019Abbott, et a rejoint Recipharm en 2015 afin de s\u2019occuper de la strat\u00e9gie du groupe.<\/p>\r\n\r\n\r\n\r\n<p>C\u2019est dans ce contexte qu\u2019il a cr\u00e9\u00e9 la division <em>Advanced Delivery Systems<\/em>, destin\u00e9e \u00e0 rassembler toutes les comp\u00e9tences n\u00e9cessaires pour d\u00e9velopper et commercialiser des m\u00e9dicaments associ\u00e9s \u00e0 des dispositif m\u00e9dicaux, comme des inhalateurs ou des auto injecteurs. Entreprises fran\u00e7aises, europ\u00e9ennes et am\u00e9ricaines, \u00e0 capitaux familiaux ou cot\u00e9es en bourse, Jean-Fran\u00e7ois Hilaire a travaill\u00e9 dans diff\u00e9rentes entreprises et cultures, avec des \u00e9quipes r\u00e9parties dans le monde entier, notamment aux Etats-Unis et en Inde.<\/p>\r\n\r\n\r\n\r\n<p>Jean-Fran\u00e7ois Hilaire d\u00e9tient un doctorat en pharmacie de l\u2019Universit\u00e9 Victor Segalen Bordeaux 2 et est dipl\u00f4m\u00e9 du CEDEP (Executive Development).<\/p>\r\n","protected":false},"excerpt":{"rendered":"<p>Paris (France), le 14 novembre 2022 &#8211; Le Conseil de Surveillance d\u2019Unither Pharmaceuticals nomme Jean-Fran\u00e7ois Hilaire Directeur G\u00e9n\u00e9ral du Groupe. Eric Goupil gardera une place importante dans les d\u00e9cisions strat\u00e9giques, en tant que Pr\u00e9sident Ex\u00e9cutif. Le Groupe a connu une croissance annuelle moyenne de 14% de son chiffre d\u2019affaires depuis l\u2019an 2000, atteignant un record [&hellip;]<\/p>\n","protected":false},"author":1,"featured_media":0,"comment_status":"closed","ping_status":"closed","sticky":false,"template":"","format":"standard","meta":{"_acf_changed":false,"footnotes":""},"categories":[],"tags":[],"class_list":["post-26616","post","type-post","status-publish","format-standard","hentry"],"acf":[],"_links":{"self":[{"href":"https:\/\/dev8.id-interactive.fr\/new_unither\/fr\/wp-json\/wp\/v2\/posts\/26616","targetHints":{"allow":["GET"]}}],"collection":[{"href":"https:\/\/dev8.id-interactive.fr\/new_unither\/fr\/wp-json\/wp\/v2\/posts"}],"about":[{"href":"https:\/\/dev8.id-interactive.fr\/new_unither\/fr\/wp-json\/wp\/v2\/types\/post"}],"author":[{"embeddable":true,"href":"https:\/\/dev8.id-interactive.fr\/new_unither\/fr\/wp-json\/wp\/v2\/users\/1"}],"replies":[{"embeddable":true,"href":"https:\/\/dev8.id-interactive.fr\/new_unither\/fr\/wp-json\/wp\/v2\/comments?post=26616"}],"version-history":[{"count":1,"href":"https:\/\/dev8.id-interactive.fr\/new_unither\/fr\/wp-json\/wp\/v2\/posts\/26616\/revisions"}],"predecessor-version":[{"id":26617,"href":"https:\/\/dev8.id-interactive.fr\/new_unither\/fr\/wp-json\/wp\/v2\/posts\/26616\/revisions\/26617"}],"wp:attachment":[{"href":"https:\/\/dev8.id-interactive.fr\/new_unither\/fr\/wp-json\/wp\/v2\/media?parent=26616"}],"wp:term":[{"taxonomy":"category","embeddable":true,"href":"https:\/\/dev8.id-interactive.fr\/new_unither\/fr\/wp-json\/wp\/v2\/categories?post=26616"},{"taxonomy":"post_tag","embeddable":true,"href":"https:\/\/dev8.id-interactive.fr\/new_unither\/fr\/wp-json\/wp\/v2\/tags?post=26616"}],"curies":[{"name":"wp","href":"https:\/\/api.w.org\/{rel}","templated":true}]}}