{"id":26708,"date":"2025-12-19T10:55:36","date_gmt":"2025-12-19T09:55:36","guid":{"rendered":"https:\/\/dev8.id-interactive.fr\/new_unither\/dia-mundial-da-visao\/"},"modified":"2026-02-03T15:52:32","modified_gmt":"2026-02-03T14:52:32","slug":"dia-mundial-da-visao","status":"publish","type":"post","link":"https:\/\/dev8.id-interactive.fr\/new_unither\/pt-br\/dia-mundial-da-visao\/","title":{"rendered":"Dia Mundial da Vis\u00e3o"},"content":{"rendered":"<h2>Dia Mundial da Vis\u00e3o: conscientizando e chamando a aten\u00e7\u00e3o para a cegueira e a defici\u00eancia visual<\/h2>\n<p>&nbsp;<\/p>\n<p>Na Unither Pharmaceuticals, estamos comprometidos com a sa\u00fade dos olhos, desenvolvendo solu\u00e7\u00f5es inovadoras para simplificar e melhorar a vida dos pacientes em todo o mundo. Nossos projetos de desenvolvimento e fabrica\u00e7\u00e3o de produtos para a sa\u00fade oft\u00e1lmica incluem:<\/p>\n<p>&nbsp;<\/p>\n<ul>\n<li>Olho seco: Estamos trabalhando em v\u00e1rias solu\u00e7\u00f5es para o tratamento do olho seco, desde dispositivos m\u00e9dicos, passando pela ciclosporina, at\u00e9 projetos que envolvem o uso de plaquetas sangu\u00edneas.<\/li>\n<li>Cataratas: o &#8220;Ciclograft&#8221;, projetado e fabricado inteiramente na Fran\u00e7a, \u00e9 o resultado da colabora\u00e7\u00e3o entre participantes franceses (SATT Nord, Alept, K\u00f4l e Hospital Universit\u00e1rio de Amiens). Nossa unidade da Unither em Amiens foi encarregada da fabrica\u00e7\u00e3o desse col\u00edrio e da comercializa\u00e7\u00e3o para os laborat\u00f3rios da K\u00d4L.<\/li>\n<li>Anestesia ocular: Iheezo, um gel de cloroproca\u00edna, um anest\u00e9sico ocular usado em opera\u00e7\u00f5es de catarata. Essa ferramenta essencial ajuda a tornar os procedimentos mais confort\u00e1veis para os pacientes.<\/li>\n<li>Medicamentos \u00f3rf\u00e3os: Como uma <a href=\"https:\/\/www.unither-pharma.com.br\/\">CDMO (Contract Development and Manufacturing Organization)<\/a>, temos orgulho de estar envolvidos no desenvolvimento de medicamentos \u00f3rf\u00e3os para doen\u00e7as raras.<\/li>\n<\/ul>\n<p>&nbsp;<\/p>\n<p>Entre em contato conosco para saber mais: contact@unither-pharma.com<\/p>\n","protected":false},"excerpt":{"rendered":"<p>Dia Mundial da Vis\u00e3o: conscientizando e chamando a aten\u00e7\u00e3o para a cegueira e a defici\u00eancia visual &nbsp; Na Unither Pharmaceuticals, estamos comprometidos com a sa\u00fade dos olhos, desenvolvendo solu\u00e7\u00f5es inovadoras para simplificar e melhorar a vida dos pacientes em todo o mundo. Nossos projetos de desenvolvimento e fabrica\u00e7\u00e3o de produtos para a sa\u00fade oft\u00e1lmica incluem: [&hellip;]<\/p>\n","protected":false},"author":1,"featured_media":21138,"comment_status":"closed","ping_status":"closed","sticky":false,"template":"","format":"standard","meta":{"_acf_changed":false,"footnotes":""},"categories":[],"tags":[],"class_list":["post-26708","post","type-post","status-publish","format-standard","has-post-thumbnail","hentry"],"acf":[],"_links":{"self":[{"href":"https:\/\/dev8.id-interactive.fr\/new_unither\/pt-br\/wp-json\/wp\/v2\/posts\/26708","targetHints":{"allow":["GET"]}}],"collection":[{"href":"https:\/\/dev8.id-interactive.fr\/new_unither\/pt-br\/wp-json\/wp\/v2\/posts"}],"about":[{"href":"https:\/\/dev8.id-interactive.fr\/new_unither\/pt-br\/wp-json\/wp\/v2\/types\/post"}],"author":[{"embeddable":true,"href":"https:\/\/dev8.id-interactive.fr\/new_unither\/pt-br\/wp-json\/wp\/v2\/users\/1"}],"replies":[{"embeddable":true,"href":"https:\/\/dev8.id-interactive.fr\/new_unither\/pt-br\/wp-json\/wp\/v2\/comments?post=26708"}],"version-history":[{"count":1,"href":"https:\/\/dev8.id-interactive.fr\/new_unither\/pt-br\/wp-json\/wp\/v2\/posts\/26708\/revisions"}],"predecessor-version":[{"id":26709,"href":"https:\/\/dev8.id-interactive.fr\/new_unither\/pt-br\/wp-json\/wp\/v2\/posts\/26708\/revisions\/26709"}],"wp:featuredmedia":[{"embeddable":true,"href":"https:\/\/dev8.id-interactive.fr\/new_unither\/pt-br\/wp-json\/wp\/v2\/media\/21138"}],"wp:attachment":[{"href":"https:\/\/dev8.id-interactive.fr\/new_unither\/pt-br\/wp-json\/wp\/v2\/media?parent=26708"}],"wp:term":[{"taxonomy":"category","embeddable":true,"href":"https:\/\/dev8.id-interactive.fr\/new_unither\/pt-br\/wp-json\/wp\/v2\/categories?post=26708"},{"taxonomy":"post_tag","embeddable":true,"href":"https:\/\/dev8.id-interactive.fr\/new_unither\/pt-br\/wp-json\/wp\/v2\/tags?post=26708"}],"curies":[{"name":"wp","href":"https:\/\/api.w.org\/{rel}","templated":true}]}}