{"id":26714,"date":"2025-12-19T10:55:35","date_gmt":"2025-12-19T09:55:35","guid":{"rendered":"https:\/\/dev8.id-interactive.fr\/new_unither\/lancamento-da-pedra-fundamental-do-novo-predio-do-laboratoire-unither-amiens\/"},"modified":"2026-02-03T15:52:37","modified_gmt":"2026-02-03T14:52:37","slug":"lancamento-da-pedra-fundamental-do-novo-predio-do-laboratoire-unither-amiens","status":"publish","type":"post","link":"https:\/\/dev8.id-interactive.fr\/new_unither\/pt-br\/lancamento-da-pedra-fundamental-do-novo-predio-do-laboratoire-unither-amiens\/","title":{"rendered":"Lan\u00e7amento da pedra fundamental do novo pr\u00e9dio do Laboratoire Unither Amiens"},"content":{"rendered":"<p>COMUNICADO DE IMPRENSA<\/p>\n<h2>Lan\u00e7amento da pedra fundamental do novo pr\u00e9dio do Laboratoire Unither Amiens<\/h2>\n<p>&nbsp;<\/p>\n<p>Como parte da Cerim\u00f4nia de Lan\u00e7amento da Pedra Fundamental do novo pr\u00e9dio destinado \u00e0 produ\u00e7\u00e3o de vacinas, o Unither Amiens recebeu Alain Gest, Presidente da Amiens Metropole, Sophie Remont, Diretora de Expertise e Programas da Bpifrance, e Jean-Christophe Loric, Conselheiro Regional de Hauts-de-France.<\/p>\n<p>&nbsp;<\/p>\n<p>O presidente da Unither Pharmaceuticals, Eric Goupil, reafirmou o compromisso do Grupo em tornar as solu\u00e7\u00f5es de sa\u00fade que melhoram e simplificam a vida dos pacientes acess\u00edveis ao maior n\u00famero poss\u00edvel de pessoas, gra\u00e7as \u00e0 Euroject\u00ae, uma inova\u00e7\u00e3o baseada na tecnologia Blow-Fill-Seal (BFS) para a inje\u00e7\u00e3o unit\u00e1ria de vacinas e produtos biol\u00f3gicos.<\/p>\n<p>&nbsp;<\/p>\n<p>A extens\u00e3o de 6.000 metros quadrados do Laboratoire Unither, em Amiens, abrigar\u00e1 vacinas e, de modo mais geral, produtos biol\u00f3gicos que exigem BSL 1 e 2. O projeto come\u00e7ou em 2023 e ser\u00e1 conclu\u00eddo em 2025. Tr\u00eas linhas de envase ser\u00e3o instaladas e outras duas ser\u00e3o acrescentadas, resultando na produ\u00e7\u00e3o de mais de 1 bilh\u00e3o de doses por ano. Esse projeto representa um investimento total de \u20ac 95.000.000 e recebeu uma contribui\u00e7\u00e3o financeira do governo franc\u00eas como parte do Programa de Investimentos Futuros.<\/p>\n<p>&nbsp;<\/p>\n<h2><strong>Sobre o Laboratoire Unither Amiens<\/strong><\/h2>\n<p>O Laboratoire Unither Amiens foi o primeiro a se especializar na tecnologia Blow-Fill-Seal. Foi fundado em 1993 por Patrick Colin. Gra\u00e7as \u00e0 sua ampla experi\u00eancia, o local se tornou l\u00edder na fabrica\u00e7\u00e3o de produtos de sa\u00fade para rinologia, tratamento de asma, oftalmologia e antissepsia. Com capacidade para fabricar mais de 1,6 bilh\u00e3o de doses por ano, a unidade atende a mais de 80 pa\u00edses por meio de seus clientes. A unidade tem mais de 350 funcion\u00e1rios.<\/p>\n<p>&nbsp;<\/p>\n<h2><strong>Sobre a Unither Pharmaceuticals<\/strong><\/h2>\n<p>A Unither Pharmaceuticals \u00e9 uma subcontratada farmac\u00eautica especializada no desenvolvimento e na produ\u00e7\u00e3o de formula\u00e7\u00f5es l\u00edquidas de dose \u00fanica (incluindo col\u00edrios, solu\u00e7\u00f5es salinas, medicamentos para asma em BFS de dose \u00fanica e embalagens em bast\u00e3o) para empresas farmac\u00eauticas e fabricantes de gen\u00e9ricos. Atualmente empregando mais de 2.000 pessoas em oito f\u00e1bricas na Fran\u00e7a, nos Estados Unidos, no Brasil e na China, a Unither Pharmaceuticals tem vendas de 371 milh\u00f5es de euros em 2022.<\/p>\n<p>Para obter mais informa\u00e7\u00f5es sobre o grupo Unither Pharmaceuticals, acesse www.unither-pharma.fr.<\/p>\n<p>&nbsp;<\/p>\n<h2>Contato com a imprensa:<\/h2>\n<p>Unither Pharmaceuticals, <a href=\"https:\/\/www.unither-pharma.com.br\/\">CDMO<\/a><\/p>\n<p>Tel: +33 (0)1 44 63 51 70<\/p>\n<p>press@unither-pharma.com<\/p>\n<div id=\"gtx-trans\" style=\"position: absolute; left: 182px; top: 891.812px;\">\n<div class=\"gtx-trans-icon\"><\/div>\n<\/div>\n","protected":false},"excerpt":{"rendered":"<p>COMUNICADO DE IMPRENSA Lan\u00e7amento da pedra fundamental do novo pr\u00e9dio do Laboratoire Unither Amiens &nbsp; Como parte da Cerim\u00f4nia de Lan\u00e7amento da Pedra Fundamental do novo pr\u00e9dio destinado \u00e0 produ\u00e7\u00e3o de vacinas, o Unither Amiens recebeu Alain Gest, Presidente da Amiens Metropole, Sophie Remont, Diretora de Expertise e Programas da Bpifrance, e Jean-Christophe Loric, Conselheiro [&hellip;]<\/p>\n","protected":false},"author":1,"featured_media":21147,"comment_status":"closed","ping_status":"closed","sticky":false,"template":"","format":"standard","meta":{"_acf_changed":false,"footnotes":""},"categories":[],"tags":[],"class_list":["post-26714","post","type-post","status-publish","format-standard","has-post-thumbnail","hentry"],"acf":[],"_links":{"self":[{"href":"https:\/\/dev8.id-interactive.fr\/new_unither\/pt-br\/wp-json\/wp\/v2\/posts\/26714","targetHints":{"allow":["GET"]}}],"collection":[{"href":"https:\/\/dev8.id-interactive.fr\/new_unither\/pt-br\/wp-json\/wp\/v2\/posts"}],"about":[{"href":"https:\/\/dev8.id-interactive.fr\/new_unither\/pt-br\/wp-json\/wp\/v2\/types\/post"}],"author":[{"embeddable":true,"href":"https:\/\/dev8.id-interactive.fr\/new_unither\/pt-br\/wp-json\/wp\/v2\/users\/1"}],"replies":[{"embeddable":true,"href":"https:\/\/dev8.id-interactive.fr\/new_unither\/pt-br\/wp-json\/wp\/v2\/comments?post=26714"}],"version-history":[{"count":1,"href":"https:\/\/dev8.id-interactive.fr\/new_unither\/pt-br\/wp-json\/wp\/v2\/posts\/26714\/revisions"}],"predecessor-version":[{"id":26715,"href":"https:\/\/dev8.id-interactive.fr\/new_unither\/pt-br\/wp-json\/wp\/v2\/posts\/26714\/revisions\/26715"}],"wp:featuredmedia":[{"embeddable":true,"href":"https:\/\/dev8.id-interactive.fr\/new_unither\/pt-br\/wp-json\/wp\/v2\/media\/21147"}],"wp:attachment":[{"href":"https:\/\/dev8.id-interactive.fr\/new_unither\/pt-br\/wp-json\/wp\/v2\/media?parent=26714"}],"wp:term":[{"taxonomy":"category","embeddable":true,"href":"https:\/\/dev8.id-interactive.fr\/new_unither\/pt-br\/wp-json\/wp\/v2\/categories?post=26714"},{"taxonomy":"post_tag","embeddable":true,"href":"https:\/\/dev8.id-interactive.fr\/new_unither\/pt-br\/wp-json\/wp\/v2\/tags?post=26714"}],"curies":[{"name":"wp","href":"https:\/\/api.w.org\/{rel}","templated":true}]}}